[{"@context":"https:\/\/schema.org\/","@type":"Blog","@id":"https:\/\/www.ghaus.cz#Blog","headline":"Ghaus","description":"\nEkonomika dnes vl\u00e1dne v\u0161emu. Nikdo se p\u0159ed n\u00ed nikde neschov\u00e1, tato si ho zaru\u010den\u011b v\u0161ude najde. A b\u011bda, kdy\u017e na tom n\u011bkdo nen\u00ed ekonomicky dob\u0159e.","url":"https:\/\/www.ghaus.cz","hasPart":[{"@type":"Article","@id":"https:\/\/www.ghaus.cz\/pr-clanky\/","headline":"PR \u010dl\u00e1nky","url":"https:\/\/www.ghaus.cz\/pr-clanky\/","datePublished":"2025-01-10","dateModified":"2025-01-10","mainEntityOfPage":"https:\/\/www.ghaus.cz\/pr-clanky\/","author":{"@type":"Person","@id":"https:\/\/www.ghaus.cz\/author\/#Person","name":"","url":"https:\/\/www.ghaus.cz\/author\/","identifier":1,"image":{"@type":"ImageObject","@id":"https:\/\/secure.gravatar.com\/avatar\/e746f9a3ec3ffe02f5df809714d800d50faf9f4f5ba0a7962a5d8229603fd33b?s=96&d=mm&r=g","url":"https:\/\/secure.gravatar.com\/avatar\/e746f9a3ec3ffe02f5df809714d800d50faf9f4f5ba0a7962a5d8229603fd33b?s=96&d=mm&r=g","height":96,"width":96}},"publisher":{"@type":"Organization","name":"ghaus.cz","logo":{"@type":"ImageObject","@id":"\/logo.png","url":"\/logo.png","width":600,"height":60}},"image":null,"wordCount":228,"keywords":null},{"@type":"Article","@id":"https:\/\/www.ghaus.cz\/ubytovani-v-chorvatsku-nema-chybu\/","headline":"Ubytov\u00e1n\u00ed v Chorvatsku nem\u00e1 chybu","url":"https:\/\/www.ghaus.cz\/ubytovani-v-chorvatsku-nema-chybu\/","datePublished":"2025-01-04","dateModified":"2025-01-04","mainEntityOfPage":"https:\/\/www.ghaus.cz\/ubytovani-v-chorvatsku-nema-chybu\/","author":{"@type":"Person","@id":"https:\/\/www.ghaus.cz\/author\/#Person","name":"","url":"https:\/\/www.ghaus.cz\/author\/","identifier":1,"image":{"@type":"ImageObject","@id":"https:\/\/secure.gravatar.com\/avatar\/e746f9a3ec3ffe02f5df809714d800d50faf9f4f5ba0a7962a5d8229603fd33b?s=96&d=mm&r=g","url":"https:\/\/secure.gravatar.com\/avatar\/e746f9a3ec3ffe02f5df809714d800d50faf9f4f5ba0a7962a5d8229603fd33b?s=96&d=mm&r=g","height":96,"width":96}},"publisher":{"@type":"Organization","name":"ghaus.cz","logo":{"@type":"ImageObject","@id":"\/logo.png","url":"\/logo.png","width":600,"height":60}},"image":null,"wordCount":228,"keywords":null},{"@type":"Article","@id":"https:\/\/www.ghaus.cz\/pobyt-u-more-a-pobliz-plaze\/","headline":"Pobyt u mo\u0159e a pobl\u00ed\u017e pl\u00e1\u017ee","url":"https:\/\/www.ghaus.cz\/pobyt-u-more-a-pobliz-plaze\/","datePublished":"2024-12-28","dateModified":"2024-12-28","mainEntityOfPage":"https:\/\/www.ghaus.cz\/pobyt-u-more-a-pobliz-plaze\/","author":{"@type":"Person","@id":"https:\/\/www.ghaus.cz\/author\/#Person","name":"","url":"https:\/\/www.ghaus.cz\/author\/","identifier":1,"image":{"@type":"ImageObject","@id":"https:\/\/secure.gravatar.com\/avatar\/e746f9a3ec3ffe02f5df809714d800d50faf9f4f5ba0a7962a5d8229603fd33b?s=96&d=mm&r=g","url":"https:\/\/secure.gravatar.com\/avatar\/e746f9a3ec3ffe02f5df809714d800d50faf9f4f5ba0a7962a5d8229603fd33b?s=96&d=mm&r=g","height":96,"width":96}},"publisher":{"@type":"Organization","name":"ghaus.cz","logo":{"@type":"ImageObject","@id":"\/logo.png","url":"\/logo.png","width":600,"height":60}},"image":null,"wordCount":249,"keywords":null},{"@type":"Article","@id":"https:\/\/www.ghaus.cz\/kupte-si-nas-konopny-krem\/","headline":"Kupte si n\u00e1\u0161 konopn\u00fd kr\u00e9m","url":"https:\/\/www.ghaus.cz\/kupte-si-nas-konopny-krem\/","datePublished":"2024-12-19","dateModified":"2024-12-19","mainEntityOfPage":"https:\/\/www.ghaus.cz\/kupte-si-nas-konopny-krem\/","author":{"@type":"Person","@id":"https:\/\/www.ghaus.cz\/author\/#Person","name":"","url":"https:\/\/www.ghaus.cz\/author\/","identifier":1,"image":{"@type":"ImageObject","@id":"https:\/\/secure.gravatar.com\/avatar\/e746f9a3ec3ffe02f5df809714d800d50faf9f4f5ba0a7962a5d8229603fd33b?s=96&d=mm&r=g","url":"https:\/\/secure.gravatar.com\/avatar\/e746f9a3ec3ffe02f5df809714d800d50faf9f4f5ba0a7962a5d8229603fd33b?s=96&d=mm&r=g","height":96,"width":96}},"publisher":{"@type":"Organization","name":"ghaus.cz","logo":{"@type":"ImageObject","@id":"\/logo.png","url":"\/logo.png","width":600,"height":60}},"image":null,"wordCount":217,"keywords":null},{"@type":"Article","@id":"https:\/\/www.ghaus.cz\/jsme-na-trhu\/","headline":"Jsme na trhu","url":"https:\/\/www.ghaus.cz\/jsme-na-trhu\/","datePublished":"2024-12-12","dateModified":"2024-12-12","mainEntityOfPage":"https:\/\/www.ghaus.cz\/jsme-na-trhu\/","author":{"@type":"Person","@id":"https:\/\/www.ghaus.cz\/author\/#Person","name":"","url":"https:\/\/www.ghaus.cz\/author\/","identifier":1,"image":{"@type":"ImageObject","@id":"https:\/\/secure.gravatar.com\/avatar\/e746f9a3ec3ffe02f5df809714d800d50faf9f4f5ba0a7962a5d8229603fd33b?s=96&d=mm&r=g","url":"https:\/\/secure.gravatar.com\/avatar\/e746f9a3ec3ffe02f5df809714d800d50faf9f4f5ba0a7962a5d8229603fd33b?s=96&d=mm&r=g","height":96,"width":96}},"publisher":{"@type":"Organization","name":"ghaus.cz","logo":{"@type":"ImageObject","@id":"\/logo.png","url":"\/logo.png","width":600,"height":60}},"image":null,"wordCount":245,"keywords":null},{"@type":"Article","@id":"https:\/\/www.ghaus.cz\/prijimame-na-nase-vyrobky-objednavky\/","headline":"P\u0159ij\u00edm\u00e1me na na\u0161e v\u00fdrobky objedn\u00e1vky","url":"https:\/\/www.ghaus.cz\/prijimame-na-nase-vyrobky-objednavky\/","datePublished":"2024-12-07","dateModified":"2024-12-07","mainEntityOfPage":"https:\/\/www.ghaus.cz\/prijimame-na-nase-vyrobky-objednavky\/","author":{"@type":"Person","@id":"https:\/\/www.ghaus.cz\/author\/#Person","name":"","url":"https:\/\/www.ghaus.cz\/author\/","identifier":1,"image":{"@type":"ImageObject","@id":"https:\/\/secure.gravatar.com\/avatar\/e746f9a3ec3ffe02f5df809714d800d50faf9f4f5ba0a7962a5d8229603fd33b?s=96&d=mm&r=g","url":"https:\/\/secure.gravatar.com\/avatar\/e746f9a3ec3ffe02f5df809714d800d50faf9f4f5ba0a7962a5d8229603fd33b?s=96&d=mm&r=g","height":96,"width":96}},"publisher":{"@type":"Organization","name":"ghaus.cz","logo":{"@type":"ImageObject","@id":"\/logo.png","url":"\/logo.png","width":600,"height":60}},"image":null,"wordCount":224,"keywords":null},{"@type":"Article","@id":"https:\/\/www.ghaus.cz\/jak-to-jde-panove\/","headline":"Jak to jde, p\u00e1nov\u00e9?","url":"https:\/\/www.ghaus.cz\/jak-to-jde-panove\/","datePublished":"2024-11-30","dateModified":"2024-11-30","mainEntityOfPage":"https:\/\/www.ghaus.cz\/jak-to-jde-panove\/","author":{"@type":"Person","@id":"https:\/\/www.ghaus.cz\/author\/#Person","name":"","url":"https:\/\/www.ghaus.cz\/author\/","identifier":1,"image":{"@type":"ImageObject","@id":"https:\/\/secure.gravatar.com\/avatar\/e746f9a3ec3ffe02f5df809714d800d50faf9f4f5ba0a7962a5d8229603fd33b?s=96&d=mm&r=g","url":"https:\/\/secure.gravatar.com\/avatar\/e746f9a3ec3ffe02f5df809714d800d50faf9f4f5ba0a7962a5d8229603fd33b?s=96&d=mm&r=g","height":96,"width":96}},"publisher":{"@type":"Organization","name":"ghaus.cz","logo":{"@type":"ImageObject","@id":"\/logo.png","url":"\/logo.png","width":600,"height":60}},"image":null,"wordCount":268,"keywords":null},{"@type":"Article","@id":"https:\/\/www.ghaus.cz\/varianty-ze-kterych-si-vybere-kazdy\/","headline":"Varianty, ze kter\u00fdch si vybere ka\u017ed\u00fd","url":"https:\/\/www.ghaus.cz\/varianty-ze-kterych-si-vybere-kazdy\/","datePublished":"2024-11-23","dateModified":"2024-11-23","mainEntityOfPage":"https:\/\/www.ghaus.cz\/varianty-ze-kterych-si-vybere-kazdy\/","author":{"@type":"Person","@id":"https:\/\/www.ghaus.cz\/author\/#Person","name":"","url":"https:\/\/www.ghaus.cz\/author\/","identifier":1,"image":{"@type":"ImageObject","@id":"https:\/\/secure.gravatar.com\/avatar\/e746f9a3ec3ffe02f5df809714d800d50faf9f4f5ba0a7962a5d8229603fd33b?s=96&d=mm&r=g","url":"https:\/\/secure.gravatar.com\/avatar\/e746f9a3ec3ffe02f5df809714d800d50faf9f4f5ba0a7962a5d8229603fd33b?s=96&d=mm&r=g","height":96,"width":96}},"publisher":{"@type":"Organization","name":"ghaus.cz","logo":{"@type":"ImageObject","@id":"\/logo.png","url":"\/logo.png","width":600,"height":60}},"image":null,"wordCount":213,"keywords":null},{"@type":"Article","@id":"https:\/\/www.ghaus.cz\/vhodny-sperk-pro-vhodnou-prilezitost\/","headline":"Vhodn\u00fd \u0161perk pro vhodnou p\u0159\u00edle\u017eitost","url":"https:\/\/www.ghaus.cz\/vhodny-sperk-pro-vhodnou-prilezitost\/","datePublished":"2024-11-15","dateModified":"2024-11-15","mainEntityOfPage":"https:\/\/www.ghaus.cz\/vhodny-sperk-pro-vhodnou-prilezitost\/","author":{"@type":"Person","@id":"https:\/\/www.ghaus.cz\/author\/#Person","name":"","url":"https:\/\/www.ghaus.cz\/author\/","identifier":1,"image":{"@type":"ImageObject","@id":"https:\/\/secure.gravatar.com\/avatar\/e746f9a3ec3ffe02f5df809714d800d50faf9f4f5ba0a7962a5d8229603fd33b?s=96&d=mm&r=g","url":"https:\/\/secure.gravatar.com\/avatar\/e746f9a3ec3ffe02f5df809714d800d50faf9f4f5ba0a7962a5d8229603fd33b?s=96&d=mm&r=g","height":96,"width":96}},"publisher":{"@type":"Organization","name":"ghaus.cz","logo":{"@type":"ImageObject","@id":"\/logo.png","url":"\/logo.png","width":600,"height":60}},"image":null,"wordCount":206,"keywords":null},{"@type":"Article","@id":"https:\/\/www.ghaus.cz\/v-jakem-veku-a-za-jakych-podminek-do-penze\/","headline":"V\u00a0jak\u00e9m v\u011bku a za jak\u00fdch podm\u00ednek do penze","url":"https:\/\/www.ghaus.cz\/v-jakem-veku-a-za-jakych-podminek-do-penze\/","datePublished":"2024-11-11","dateModified":"2024-11-11","mainEntityOfPage":"https:\/\/www.ghaus.cz\/v-jakem-veku-a-za-jakych-podminek-do-penze\/","author":{"@type":"Person","@id":"https:\/\/www.ghaus.cz\/author\/#Person","name":"","url":"https:\/\/www.ghaus.cz\/author\/","identifier":1,"image":{"@type":"ImageObject","@id":"https:\/\/secure.gravatar.com\/avatar\/e746f9a3ec3ffe02f5df809714d800d50faf9f4f5ba0a7962a5d8229603fd33b?s=96&d=mm&r=g","url":"https:\/\/secure.gravatar.com\/avatar\/e746f9a3ec3ffe02f5df809714d800d50faf9f4f5ba0a7962a5d8229603fd33b?s=96&d=mm&r=g","height":96,"width":96}},"publisher":{"@type":"Organization","name":"ghaus.cz","logo":{"@type":"ImageObject","@id":"\/logo.png","url":"\/logo.png","width":600,"height":60}},"image":null,"wordCount":226,"keywords":null}]},{"@context":"https:\/\/schema.org","@type":"WebSite","@id":"https:\/\/www.ghaus.cz\/#website","name":"Ghaus","url":"https:\/\/www.ghaus.cz","potentialAction":{"@type":"SearchAction","target":"https:\/\/www.ghaus.cz\/?s={search_term_string}","query-input":"required name=search_term_string"}}]