[{"@context":"https:\/\/schema.org\/","@type":"Article","@id":"https:\/\/www.ghaus.cz\/pujcovna-karavanu\/#Article","mainEntityOfPage":"https:\/\/www.ghaus.cz\/pujcovna-karavanu\/","headline":"P\u016fj\u010dovna karavan\u016f","name":"P\u016fj\u010dovna karavan\u016f","description":"Na\u0161e p\u016fj\u010dovna karavan\u016f V\u00e1m nab\u00edz\u00ed pron\u00e1jem v\u0161ech druh\u016f karavan\u016f a obytn\u00fdch p\u0159\u00edv\u011bs\u016f za exkluzivn\u00ed ceny. [&hellip;]","datePublished":"2025-03-07","dateModified":"2025-03-07","author":{"@type":"Person","@id":"https:\/\/www.ghaus.cz\/author\/#Person","name":"","url":"https:\/\/www.ghaus.cz\/author\/","identifier":1,"image":{"@type":"ImageObject","@id":"https:\/\/secure.gravatar.com\/avatar\/e746f9a3ec3ffe02f5df809714d800d50faf9f4f5ba0a7962a5d8229603fd33b?s=96&d=mm&r=g","url":"https:\/\/secure.gravatar.com\/avatar\/e746f9a3ec3ffe02f5df809714d800d50faf9f4f5ba0a7962a5d8229603fd33b?s=96&d=mm&r=g","height":96,"width":96}},"publisher":{"@type":"Organization","name":"ghaus.cz","logo":{"@type":"ImageObject","@id":"\/logo.png","url":"\/logo.png","width":600,"height":60}},"url":"https:\/\/www.ghaus.cz\/pujcovna-karavanu\/","wordCount":174,"articleBody":"Na\u0161e p\u016fj\u010dovna karavan\u016f V\u00e1m nab\u00edz\u00ed pron\u00e1jem v\u0161ech druh\u016f karavan\u016f a obytn\u00fdch p\u0159\u00edv\u011bs\u016f za exkluzivn\u00ed ceny. Z\u00e1kladn\u00ed cena za pron\u00e1jem karavanu \u010din\u00ed jen 850,- K\u010d za den. Prvn\u00ed a posledn\u00ed den pron\u00e1jmu sv\u00fdm z\u00e1kazn\u00edk\u016fm ne\u00fa\u010dtujeme. Na\u0161e karavany jsou pln\u011b vybaveny a to v\u010detn\u011b n\u00e1dob\u00ed. Karavan po vr\u00e1cen\u00ed samoz\u0159ejm\u011b uklid\u00ed na\u0161e firma.Na\u0161e p\u016fj\u010dovna karavan\u016f je zn\u00e1m\u00e1 tak\u00e9 prodejem karavan\u016f a \u0161pi\u010dkov\u00fdm servisem. M\u016f\u017eete si u n\u00e1s po\u0159\u00eddit kvalitn\u00ed karavany i obytn\u00e9 p\u0159\u00edv\u011bsy (n\u011bkter\u00e9 jsou dovezeny dokonce a\u017e z dalek\u00e9 Anglie) za ceny v\u00edce ne\u017e rozumn\u00e9. Na\u0161e p\u016fj\u010dovna karavan\u016f pat\u0159\u00ed mezi nejlevn\u011bj\u0161\u00ed p\u016fj\u010dovny a prodeje ve sv\u00e9m oboru. Alespo\u0148, co se t\u00fd\u010de na\u0161eho regionu.N\u00e1hradn\u00ed d\u00edlyJe tak\u00e9 mo\u017enost si u n\u00e1s zakoupit v\u0161elijak\u00e9 n\u00e1hradn\u00ed d\u00edly k va\u0161im karavan\u016fm.                                                                                                                                                                                                                                                                                                                                                                                        4.2\/5 - (4 votes)        "},{"@context":"https:\/\/schema.org\/","@type":"BreadcrumbList","itemListElement":[{"@type":"ListItem","position":1,"name":"P\u016fj\u010dovna karavan\u016f","item":"https:\/\/www.ghaus.cz\/pujcovna-karavanu\/#breadcrumbitem"}]}]