[{"@context":"https:\/\/schema.org\/","@type":"Article","@id":"https:\/\/www.ghaus.cz\/reklamni-textil-za-par-korun\/#Article","mainEntityOfPage":"https:\/\/www.ghaus.cz\/reklamni-textil-za-par-korun\/","headline":"Reklamn\u00ed textil za p\u00e1r korun.","name":"Reklamn\u00ed textil za p\u00e1r korun.","description":"Jste majitelem \u010di majitelkou firmy, a\u0165 u\u017e mal\u00e9, st\u0159edn\u00ed nebo velk\u00e9 a pot\u0159ebujete tak reklamn\u00ed [&hellip;]","datePublished":"2022-04-28","dateModified":"2023-05-05","author":{"@type":"Person","@id":"https:\/\/www.ghaus.cz\/author\/#Person","name":"","url":"https:\/\/www.ghaus.cz\/author\/","identifier":1,"image":{"@type":"ImageObject","@id":"https:\/\/secure.gravatar.com\/avatar\/e746f9a3ec3ffe02f5df809714d800d50faf9f4f5ba0a7962a5d8229603fd33b?s=96&d=mm&r=g","url":"https:\/\/secure.gravatar.com\/avatar\/e746f9a3ec3ffe02f5df809714d800d50faf9f4f5ba0a7962a5d8229603fd33b?s=96&d=mm&r=g","height":96,"width":96}},"publisher":{"@type":"Organization","name":"ghaus.cz","logo":{"@type":"ImageObject","@id":"\/logo.png","url":"\/logo.png","width":600,"height":60}},"image":{"@type":"ImageObject","@id":"https:\/\/www.ghaus.cz\/wp-content\/uploads\/magic-cube-g61e5d38a5_640.jpg","url":"https:\/\/www.ghaus.cz\/wp-content\/uploads\/magic-cube-g61e5d38a5_640.jpg","height":0,"width":0},"url":"https:\/\/www.ghaus.cz\/reklamni-textil-za-par-korun\/","about":["Business"],"wordCount":445,"articleBody":"      Jste majitelem \u010di majitelkou firmy, a\u0165 u\u017e mal\u00e9, st\u0159edn\u00ed nebo velk\u00e9 a pot\u0159ebujete tak reklamn\u00ed textil za dobrou cenu? Pokud ano, tak zav\u00edtejte k n\u00e1m! Jste majitelem \u010di majitelkou firmy a pot\u0159ebuje kvalitn\u00ed reklamn\u00ed textil, kter\u00fd bude z\u00e1rove\u0148 tak reprezentovat va\u0161i firmu? Pokud nav\u00edc sh\u00e1n\u00edte kvalitu za dobrou cenu, tak zav\u00edtejte je\u0161t\u011b dnes pr\u00e1v\u011b k n\u00e1m a vyberte si tak pro sebe to nejlep\u0161\u00ed co jste kdy mohli m\u00edt. Pokud m\u00e1te ji\u017e n\u011bjakou p\u0159edstavu tak je to jen dob\u0159e a my se v\u00e1m tedy v tomto ohledu velmi mile p\u0159izp\u016fsob\u00edme. Anebo snad nem\u00e1te naprosto \u017e\u00e1dnou p\u0159edstavu a pot\u0159ebovali byste je\u0161t\u011b poradit? Ano od toho tu jsme pro na\u0161e z\u00e1kazn\u00edky, a velmi rychle v\u00e1m d\u00e1m\u011b odpov\u011b\u010f na v\u00e1\u0161 dotaz \u010di na v\u00edce dotaz\u016f. Proto se nemus\u00edte tedy b\u00e1t, \u017ee byste si zakoupil n\u011bco, co by se v\u00e1m pozd\u011bji t\u0159eba nel\u00edbilo nebo nebylo podle va\u0161ich p\u0159edstav. Chcete nav\u00edc, aby va\u0161i zam\u011bstnanci chodili v tri\u010dku s va\u0161\u00edm logem? Nebo co takov\u00e1 kr\u00e1sn\u00e1 tepl\u00e1 mikina, kter\u00e1 je bude h\u0159\u00e1t v chladn\u00fdch dnech? Ano i to v\u00e1m m\u016f\u017eeme tak\u00e9 nab\u00eddnout. Nebo budete na v\u00fdstav\u011b kde se bude py\u0161nit va\u0161e firma? A budete tak\u00e9 cht\u00edt rozd\u00e1vat n\u011bjak\u00e9 ty vzorky pro va\u0161e budouc\u00ed z\u00e1kazn\u00edky? Tak si u n\u00e1s nechte vyrobit propisky nebo snad i blo\u010dky, kter\u00e9 ocen\u00ed snad ka\u017ed\u00fd.Sice m\u00e1me modern\u00ed dobu kdy ka\u017ed\u00fd si u\u017e p\u00ed\u0161e do sv\u00e9ho telefonu nebo snad i do notebooku pozn\u00e1mky, jenom\u017ee jsou i tac\u00ed kte\u0159\u00ed si st\u00e1le r\u00e1di vezmou do ruky tu\u017eku a p\u00ed\u0161ou si sv\u00e9 pozn\u00e1mky do sv\u00e9ho pozn\u00e1mkov\u00e9ho bloku, kter\u00fd si pak v\u0161ude s sebou nos\u00ed jako sv\u00e9ho nejlep\u0161\u00edho kamar\u00e1da. A co teprve takov\u00e9 de\u0161tn\u00edky, kter\u00e9 budete moci nab\u00eddnout na podzim kdy \u010dast\u011bji pr\u0161\u00ed? Ano ocen\u00ed to tak\u00e9 d\u00e1my, ale tak\u00e9 p\u00e1nov\u00e9. Ode dne\u0161n\u00edho dne se k v\u00e1m jen pohrnou z\u00e1kazn\u00edci, proto\u017ee si va\u0161i zna\u010dku velmi rychle zapamatuj\u00ed. A co v\u00e1\u0161 kamar\u00e1d, kter\u00fd vlastn\u00ed tak\u00e9 svou firmu, ale je daleko men\u0161\u00ed ne\u017e ta va\u0161e? Tak mu pomozte pr\u00e1v\u011b s takovou to propagac\u00ed d\u00edky, kter\u00e9 bude m\u00edt tak i v\u011bt\u0161\u00ed obrat. M\u00e1me reklamn\u00ed textil pro ka\u017ed\u00e9ho.                                                                                                                                                                                                                                                                                                                                                                                          4\/5 - (4 votes)        "},{"@context":"https:\/\/schema.org\/","@type":"BreadcrumbList","itemListElement":[{"@type":"ListItem","position":1,"name":"Reklamn\u00ed textil za p\u00e1r korun.","item":"https:\/\/www.ghaus.cz\/reklamni-textil-za-par-korun\/#breadcrumbitem"}]}]