[{"@context":"https:\/\/schema.org\/","@type":"Article","@id":"https:\/\/www.ghaus.cz\/toulky-nazdarbuh\/#Article","mainEntityOfPage":"https:\/\/www.ghaus.cz\/toulky-nazdarbuh\/","headline":"Toulky nazda\u0159b\u016fh","name":"Toulky nazda\u0159b\u016fh","description":"Je t\u0159eba si v\u0161ak um\u011bt lokalitu vybrat. Kdo je na v\u011bci technick\u00e9 plus architektura, tak [&hellip;]","datePublished":"2023-01-27","dateModified":"2023-07-27","author":{"@type":"Person","@id":"https:\/\/www.ghaus.cz\/author\/#Person","name":"","url":"https:\/\/www.ghaus.cz\/author\/","identifier":1,"image":{"@type":"ImageObject","@id":"https:\/\/secure.gravatar.com\/avatar\/e746f9a3ec3ffe02f5df809714d800d50faf9f4f5ba0a7962a5d8229603fd33b?s=96&d=mm&r=g","url":"https:\/\/secure.gravatar.com\/avatar\/e746f9a3ec3ffe02f5df809714d800d50faf9f4f5ba0a7962a5d8229603fd33b?s=96&d=mm&r=g","height":96,"width":96}},"publisher":{"@type":"Organization","name":"ghaus.cz","logo":{"@type":"ImageObject","@id":"\/logo.png","url":"\/logo.png","width":600,"height":60}},"image":{"@type":"ImageObject","@id":"https:\/\/www.ghaus.cz\/wp-content\/uploads\/path-8091650_640.jpg","url":"https:\/\/www.ghaus.cz\/wp-content\/uploads\/path-8091650_640.jpg","height":0,"width":0},"url":"https:\/\/www.ghaus.cz\/toulky-nazdarbuh\/","about":["Cestov\u00e1n\u00ed"],"wordCount":436,"articleBody":"Je t\u0159eba si v\u0161ak um\u011bt lokalitu vybrat. Kdo je na v\u011bci technick\u00e9 plus architektura, tak se v les\u00edch asi moc nepokoch\u00e1. A zase obr\u00e1cen\u011b, kdo je na lesy, tak ten se nemus\u00ed promen\u00e1dovat ve m\u011bst\u011b. Tak u\u017e to b\u00fdv\u00e1.\u00a0Kdysi prad\u00e1vno, jsa je\u0161t\u011b ml\u00e1d, hr\u00e1val jsem takovou hru s\u00e1m se sebou. Koupil jsem si j\u00edzdenku \u201enablind\u201c, a vystoupil tam, kde se mi to l\u00edbilo a kde byla zast\u00e1vka. Dnes u\u017e by to asi ne\u0161lo, takov\u00e9 ty mal\u00e9 zast\u00e1ve\u010dky jsou asi u\u017e zru\u0161en\u00e9. Ale tehdy jich byl dostatek, tak\u017ee nebyl probl\u00e9m. Nu a pak jsem se vyhnul cesti\u010dce k vesnici \u010di m\u011bstu, ale vydal se pr\u00e1v\u011b na opa\u010dnou stranu do les\u016f a hor. S sebou jsem m\u011bl celty, spac\u00e1k, n\u011bco k j\u00eddlu a sirky. Nu a pak samoz\u0159ejm\u011b klasick\u00e9 vandr\u00e1ck\u00e9 vybaven\u00ed, jako je d\u00fdka, e\u0161us, nebo bagr, co\u017e jest po \u010desku l\u017e\u00edce. \u00a0Takov\u00e9 toul\u00e1n\u00ed lesem n\u011bkdy trvalo i t\u00fdden a byl to balz\u00e1m na nervy. Ve\u010der jste si oh\u0159\u00e1li n\u011bjakou konzervu na oh\u00fdnku a pak spali kr\u00e1sn\u011b pod \u0161ir\u00e1kem. Jo, to byly \u010dasy. \u00a0Nev\u00edm, zda je\u0161t\u011b n\u011bkde n\u011bjac\u00ed vandr\u00e1ci existuj\u00ed, ale tehdy n\u00e1s bylo v\u00edce. Ov\u0161em ka\u017ed\u00fd cestoval a pak tr\u00e1vil \u010das jinak. N\u011bkdo se sdru\u017eoval do osad, kter\u00e9 byly pochopiteln\u011b v\u011bt\u0161inou nepovolen\u00e9, proto\u017ee koman\u010d\u016fm vandr\u00e1ci vadili. Nu a ten zbytek byl rad\u011bji s\u00e1m a s\u00e1m n\u011bkde mezi stromy \u010di na louce. Ka\u017ed\u00fd jsme jin\u00fd.\u00a0Na osad\u00e1ch, tedy osad\u00e1ch trampsk\u00fdch panovaly jist\u00e9 nepsan\u00e9 z\u00e1kony a jejich poru\u0161en\u00ed vedlo k sankc\u00edm. Snad proto jsem j\u00e1 osobn\u011b nikdy \u017e\u00e1dnou domovskou j\u00e1 nem\u011bl, proto\u017ee m\u00e9 pot\u00ed\u017ee s autoritami jsou v\u0161eobecn\u011b zn\u00e1m\u00e9. Tak\u017ee jsem p\u0159i\u0161el jako host a jako host tak\u00e9 ode\u0161el. A v\u011bt\u0161inou se ji\u017e nikdy nevr\u00e1til. \u00a0Dnes u\u017e by asi klasicky vandrovat ne\u0161lo, proto\u017ee v\u0161ude jsou ploty nebo dr\u00e1ty a cedule, \u017ee je to soukrom\u00fd pozemek. Tak\u017ee p\u0159i tro\u0161ce respektu k majetku druh\u00fdch se nen\u00ed kde vyspat a t\u00edm m\u00e9n\u011b ud\u011blat mal\u00fd ohn\u00ed\u010dek na ve\u010dern\u00ed pol\u00edvku, nebo op\u00e9kan\u00e9ho bu\u0159ta. Nu a na druhou stranu, nen\u00ed to t\u0159eba pro tu p\u0159\u00edrodu dob\u0159e?\u00a0                                                                                                                                                                                                                                                                                                                                                                                        3.9\/5 - (12 votes)        "},{"@context":"https:\/\/schema.org\/","@type":"BreadcrumbList","itemListElement":[{"@type":"ListItem","position":1,"name":"Toulky nazda\u0159b\u016fh","item":"https:\/\/www.ghaus.cz\/toulky-nazdarbuh\/#breadcrumbitem"}]}]